{"id":2018,"date":"2025-10-30T09:28:26","date_gmt":"2025-10-30T08:28:26","guid":{"rendered":"https:\/\/farmaciabottasso.com\/blog\/?p=2018"},"modified":"2025-10-30T11:44:38","modified_gmt":"2025-10-30T10:44:38","slug":"ognissanti-quando-la-memoria-cura-lanima","status":"publish","type":"post","link":"https:\/\/farmaciabottasso.com\/blog\/2025\/10\/30\/ognissanti-quando-la-memoria-cura-lanima\/","title":{"rendered":"Ognissanti: quando la memoria cura l\u2019anima"},"content":{"rendered":"<p class=\"p1\">Tra la fine di ottobre e i primi giorni di novembre, l\u2019aria si fa pi\u00f9 sottile. Non \u00e8 solo l\u2019autunno che cambia la luce: \u00e8 il tempo che si piega su se stesso, come se la vita si specchiasse nella morte per ricordarci che l\u2019una non esiste senza l\u2019altra.<\/p>\n<p class=\"p1\">\u00c8 la festa di <strong>Ognissanti<\/strong> e la <strong>commemorazione dei defunti<\/strong>, un\u2019occasione che ogni anno ci invita \u2014 se solo abbiamo il coraggio di ascoltare \u2014 a tornare in contatto con le nostre radici, con chi siamo stati, con chi abbiamo amato e perso.<\/p>\n<p class=\"p1\">Queste giornate sono un rito collettivo: le famiglie si ritrovano, le tombe si adornano\u2026 e non \u00e8 tristezza, \u00e8 amore organizzato in forma di rito, con la certezza, o forse la speranza, che i morti non spariscono, ma semplicemente abitano un\u2019altra stanza della casa del mondo.<\/p>\n<p class=\"p1\">Ognissanti \u00e8 la festa dei legami: un giorno in cui il mondo dei vivi e quello dei morti sembrano toccarsi. \u00c8 una soglia, una porta socchiusa tra due dimensioni. Si dice che nella notte tra il 31 ottobre e l\u20191 novembre i morti tornino a farci visita, e che noi, in fondo, li attendiamo. \u00c8 un momento che consola e spaventa insieme, perch\u00e9 nessuno \u00e8 mai pronto a un addio.<\/p>\n<p class=\"p1\">Come scrive la poetessa Vivianne Lamarque:<br \/>\n<em>\u201cL\u2019ultima volta che la vide non sapeva che era l\u2019ultima volta che la vedeva.<br \/>\n<\/em><em>Perch\u00e9 queste cose non si sanno mai.<br \/>\n<\/em><em>Allora non fu gentile quell\u2019ultima volta?<br \/>\n<\/em><em>S\u00ec, ma non abbastanza per l\u2019eternit\u00e0.\u201d<\/em><\/p>\n<p class=\"p1\">Ecco, il rito serve proprio a questo: a restituirci <strong>un\u2019ora in pi\u00f9<\/strong>. Un\u2019ora simbolica, per salutare chi non abbiamo salutato, per dire quello che non abbiamo detto, per ascoltare con il cuore chi non parla pi\u00f9. Nel ricordo, ci ritroviamo, e, nel gesto, ci curiamo.<\/p>\n<p class=\"p1\">Non \u00e8 solo poesia: la scienza lo conferma. Antropologia, psicologia, neuroscienze e perfino economia comportamentale concordano sul fatto che i riti fanno bene. Non sono semplici abitudini: sono <strong>ancore emotive<\/strong>, strumenti che regolano lo stress, calmano l\u2019ansia, favoriscono la concentrazione e rafforzano il senso di appartenenza. Durante un rito, il nostro cervello si sincronizza, si ordina, ritrova equilibrio. Gli studi parlano chiaro: i riti riducono i livelli di cortisolo, aumentano la sensazione di controllo e di serenit\u00e0. Persino chi non crede al significato spirituale del gesto ne trae beneficio, perch\u00e9 il cervello riconosce nella ripetizione e nella simbolicit\u00e0 un segnale di sicurezza.I riti, insomma, <strong>non cambiano il mondo esterno<\/strong>, ma cambiano quello interno. E questo, spesso, basta per guarire.<\/p>\n<p class=\"p1\">Pensiamo agli atleti prima di una gara, agli studenti prima di un esame, a chi accende una candela prima di una giornata difficile: tutti piccoli rituali di centratura, che mettono in moto un meccanismo psicologico di calma e concentrazione. Il rito crea <em>flow<\/em>, quello stato di presenza totale in cui mente e corpo si allineano, e il mondo, per un attimo, tace.<\/p>\n<p class=\"p1\">E poi c\u2019\u00e8 la dimensione collettiva, che \u00e8 forse la pi\u00f9 potente. Durante i riti condivisi \u2014 che sia una preghiera, una processione o un semplice silenzio insieme \u2014 accade qualcosa di incredibile: i battiti cardiaci si sincronizzano. Lo hanno misurato davvero, nei laboratori di neuroscienze: il rito <strong>fa battere i cuori all\u2019unisono<\/strong>. Accorcia le distanze. Rende visibile l\u2019invisibile.<\/p>\n<p class=\"p1\">Ed \u00e8 proprio questo il cuore di Ognissanti: un rito che ci ricorda che non siamo soli. Che le persone che abbiamo amato non sono perdute, ma trasformate. Che la memoria non \u00e8 un peso, ma una forma di continuit\u00e0. Quando ricordiamo qualcuno, lo riportiamo \u2014 anche solo per un attimo \u2014 nel mondo dei vivi. E in quell\u2019attimo, siamo pi\u00f9 vivi anche noi.<\/p>\n<p class=\"p1\">Immaginiamoli, i nostri cari, se potessero tornare stanotte. Cosa ci direbbero? Forse ci chiederebbero di vivere pi\u00f9 leggeri, di ridere di pi\u00f9, di non aver paura. E noi, cosa diremmo loro? Che ci mancano, certo. Ma anche che, nel nostro modo di vivere, di amare, di essere gentili, c\u2019\u00e8 ancora un po\u2019 di loro.<\/p>\n<p class=\"p1\">Ecco allora il vero significato di Ognissanti: <strong>una festa che cura<\/strong>. Una celebrazione che ci restituisce senso, coesione, gratitudine. Una pausa per respirare dentro il tempo, per dire grazie e per ricordarci che vivere \u2014 davvero vivere \u2014 \u00e8 il modo pi\u00f9 bello di onorare chi non c\u2019\u00e8 pi\u00f9. Accendiamo, dunque, una candela: non per scacciare il buio, ma per illuminarlo. Perch\u00e9 \u00e8 solo nel buio che la luce mostra la sua verit\u00e0.<br \/>\nOgnissanti \u00e8 il nostro <em>memento mori<\/em>, s\u00ec \u2014 ma anche il nostro <em>memento vivere<\/em>.<br \/>\nE in quel respiro sospeso tra memoria e presenza, tra lacrima e sorriso, c\u2019\u00e8 tutta la bellezza di essere umani.<\/p>\n","protected":false},"excerpt":{"rendered":"<p>Tra la fine di ottobre e i primi giorni di novembre, l\u2019aria si fa pi\u00f9 sottile. Non \u00e8 solo l\u2019autunno che cambia la luce: \u00e8 il tempo che si piega su se stesso, come se la vita si specchiasse nella [&hellip;]<\/p>\n","protected":false},"author":2,"featured_media":2020,"comment_status":"open","ping_status":"open","sticky":false,"template":"","format":"standard","meta":[],"categories":[1],"tags":[204,197,193,207,209,215,203,199,202,102,208,213,198,214,211,212,196,217,134,191,205,200,206,195,201,58,194,210,192,216],"_links":{"self":[{"href":"https:\/\/farmaciabottasso.com\/blog\/wp-json\/wp\/v2\/posts\/2018"}],"collection":[{"href":"https:\/\/farmaciabottasso.com\/blog\/wp-json\/wp\/v2\/posts"}],"about":[{"href":"https:\/\/farmaciabottasso.com\/blog\/wp-json\/wp\/v2\/types\/post"}],"author":[{"embeddable":true,"href":"https:\/\/farmaciabottasso.com\/blog\/wp-json\/wp\/v2\/users\/2"}],"replies":[{"embeddable":true,"href":"https:\/\/farmaciabottasso.com\/blog\/wp-json\/wp\/v2\/comments?post=2018"}],"version-history":[{"count":1,"href":"https:\/\/farmaciabottasso.com\/blog\/wp-json\/wp\/v2\/posts\/2018\/revisions"}],"predecessor-version":[{"id":2021,"href":"https:\/\/farmaciabottasso.com\/blog\/wp-json\/wp\/v2\/posts\/2018\/revisions\/2021"}],"wp:featuredmedia":[{"embeddable":true,"href":"https:\/\/farmaciabottasso.com\/blog\/wp-json\/wp\/v2\/media\/2020"}],"wp:attachment":[{"href":"https:\/\/farmaciabottasso.com\/blog\/wp-json\/wp\/v2\/media?parent=2018"}],"wp:term":[{"taxonomy":"category","embeddable":true,"href":"https:\/\/farmaciabottasso.com\/blog\/wp-json\/wp\/v2\/categories?post=2018"},{"taxonomy":"post_tag","embeddable":true,"href":"https:\/\/farmaciabottasso.com\/blog\/wp-json\/wp\/v2\/tags?post=2018"}],"curies":[{"name":"wp","href":"https:\/\/api.w.org\/{rel}","templated":true}]}}